{"id":1659,"date":"2016-09-14T16:57:07","date_gmt":"2016-09-14T16:57:07","guid":{"rendered":"http:\/\/schule.fanas.ch\/?p=1659"},"modified":"2016-09-20T17:33:04","modified_gmt":"2016-09-20T17:33:04","slug":"feuer-und-wasser-marsch","status":"publish","type":"post","link":"https:\/\/schule.fanas.ch\/?p=1659","title":{"rendered":"Feuer und Wasser &#8211; Marsch"},"content":{"rendered":"<p>Am Mittwoch 14. September durften wir in Thusis unter dem Motto Feuer und Wasser die beiden Elemente in ihren verschiedensten Facetten kennenlernen. Von Wasser umleiten \u00fcber Sch\u00e4chte abdecken, bis hin zu Feuer l\u00f6schen und durch dunkle Labyrinthe kriechen war alles dabei und konnte in den durchmischten Gruppen erlebt werden. Ein Tag auf den Beinen und in vollem Einsatz, etwas anderes als die Schulbank dr\u00fccken.<\/p>\n<p>Mehr Bilder gibt es <a title=\"Bildergalerie\" href=\"httpss:\/\/schule.fanas.ch\/?page_id=10\">in der Gallerie&#8230;<\/a><\/p>\n<p><img loading=\"lazy\" decoding=\"async\" class=\"ngg-singlepic ngg-none alignleft\" src=\"httpss:\/\/schule.fanas.ch\/wp-content\/gallery\/feuer-und-wasser-2016\/thumbs\/thumbs_Feuer-Wasser_2016-03.jpg\" alt=\"Feuer-Wasser_2016 03\" width=\"200\" height=\"150\" \/> <img loading=\"lazy\" decoding=\"async\" class=\"ngg-singlepic ngg-none alignleft\" src=\"httpss:\/\/schule.fanas.ch\/wp-content\/gallery\/feuer-und-wasser-2016\/thumbs\/thumbs_Feuer-Wasser_2016-11.jpg\" alt=\"Feuer-Wasser_2016 11\" width=\"200\" height=\"150\" \/><img loading=\"lazy\" decoding=\"async\" class=\"ngg-singlepic ngg-none alignleft\" src=\"httpss:\/\/schule.fanas.ch\/wp-content\/gallery\/feuer-und-wasser-2016\/thumbs\/thumbs_Feuer-Wasser_2016-13.jpg\" alt=\"Feuer-Wasser_2016 13\" width=\"200\" height=\"150\" \/><\/p>\n","protected":false},"excerpt":{"rendered":"<p>Am Mittwoch 14. September durften wir in Thusis unter dem Motto Feuer und Wasser die beiden Elemente in ihren verschiedensten Facetten kennenlernen. Von Wasser umleiten \u00fcber Sch\u00e4chte abdecken, bis hin zu Feuer l\u00f6schen und durch dunkle Labyrinthe kriechen war alles dabei und konnte in den durchmischten Gruppen erlebt werden. Ein Tag auf den Beinen und&#8230;<\/p>\n","protected":false},"author":1,"featured_media":0,"comment_status":"closed","ping_status":"open","sticky":false,"template":"","format":"standard","meta":{"ngg_post_thumbnail":0,"_kad_post_transparent":"","_kad_post_title":"","_kad_post_layout":"","_kad_post_sidebar_id":"","_kad_post_content_style":"","_kad_post_vertical_padding":"","_kad_post_feature":"","_kad_post_feature_position":"","_kad_post_header":false,"_kad_post_footer":false,"_kad_post_classname":"","footnotes":""},"categories":[3,5],"tags":[],"class_list":["post-1659","post","type-post","status-publish","format-standard","hentry","category-aktuell","category-ereignisse"],"_links":{"self":[{"href":"https:\/\/schule.fanas.ch\/index.php?rest_route=\/wp\/v2\/posts\/1659","targetHints":{"allow":["GET"]}}],"collection":[{"href":"https:\/\/schule.fanas.ch\/index.php?rest_route=\/wp\/v2\/posts"}],"about":[{"href":"https:\/\/schule.fanas.ch\/index.php?rest_route=\/wp\/v2\/types\/post"}],"author":[{"embeddable":true,"href":"https:\/\/schule.fanas.ch\/index.php?rest_route=\/wp\/v2\/users\/1"}],"replies":[{"embeddable":true,"href":"https:\/\/schule.fanas.ch\/index.php?rest_route=%2Fwp%2Fv2%2Fcomments&post=1659"}],"version-history":[{"count":6,"href":"https:\/\/schule.fanas.ch\/index.php?rest_route=\/wp\/v2\/posts\/1659\/revisions"}],"predecessor-version":[{"id":1808,"href":"https:\/\/schule.fanas.ch\/index.php?rest_route=\/wp\/v2\/posts\/1659\/revisions\/1808"}],"wp:attachment":[{"href":"https:\/\/schule.fanas.ch\/index.php?rest_route=%2Fwp%2Fv2%2Fmedia&parent=1659"}],"wp:term":[{"taxonomy":"category","embeddable":true,"href":"https:\/\/schule.fanas.ch\/index.php?rest_route=%2Fwp%2Fv2%2Fcategories&post=1659"},{"taxonomy":"post_tag","embeddable":true,"href":"https:\/\/schule.fanas.ch\/index.php?rest_route=%2Fwp%2Fv2%2Ftags&post=1659"}],"curies":[{"name":"wp","href":"https:\/\/api.w.org\/{rel}","templated":true}]}}