{"id":4495,"date":"2024-02-14T20:00:00","date_gmt":"2024-02-14T20:00:00","guid":{"rendered":"http:\/\/schule.fanas.ch\/?p=4495"},"modified":"2024-02-17T13:35:44","modified_gmt":"2024-02-17T13:35:44","slug":"ausflug-lernarrangement-rdz","status":"publish","type":"post","link":"https:\/\/schule.fanas.ch\/?p=4495","title":{"rendered":"Ausflug Lernarrangement RDZ"},"content":{"rendered":"\n<p>Dieses Jahr hat die 1.-4. Klasse das Lernarrangement Abenteuer K\u00f6rper im Regionalen didaktischen Zentrum in Mels besucht. Dabei konnten die Sch\u00fclerinnen und Sch\u00fcler rund um den K\u00f6rper entdecken, forschen, spielen, experimentieren und als H\u00f6hepunkt durch einen riesigen begehbaren K\u00f6rper laufen und die verschiedenen Aufgaben der Organe kennenlernen und zum Teil sogar spielerisch \u00fcbernehmen.<\/p>\n\n\n\n<p><a href=\"httpss:\/\/schule.fanas.ch\/?page_id=4480\" data-type=\"page\" data-id=\"4480\">Hier geht es zur Galerie<\/a><\/p>\n","protected":false},"excerpt":{"rendered":"<p>Dieses Jahr hat die 1.-4. Klasse das Lernarrangement Abenteuer K\u00f6rper im Regionalen didaktischen Zentrum in Mels besucht. Dabei konnten die Sch\u00fclerinnen und Sch\u00fcler rund um den K\u00f6rper entdecken, forschen, spielen, experimentieren und als H\u00f6hepunkt durch einen riesigen begehbaren K\u00f6rper laufen und die verschiedenen Aufgaben der Organe kennenlernen und zum Teil sogar spielerisch \u00fcbernehmen. Hier geht&#8230;<\/p>\n","protected":false},"author":5,"featured_media":0,"comment_status":"closed","ping_status":"open","sticky":false,"template":"","format":"standard","meta":{"ngg_post_thumbnail":0,"_kad_post_transparent":"","_kad_post_title":"","_kad_post_layout":"","_kad_post_sidebar_id":"","_kad_post_content_style":"","_kad_post_vertical_padding":"","_kad_post_feature":"","_kad_post_feature_position":"","_kad_post_header":false,"_kad_post_footer":false,"_kad_post_classname":"","footnotes":""},"categories":[3,5],"tags":[],"class_list":["post-4495","post","type-post","status-publish","format-standard","hentry","category-aktuell","category-ereignisse"],"_links":{"self":[{"href":"https:\/\/schule.fanas.ch\/index.php?rest_route=\/wp\/v2\/posts\/4495","targetHints":{"allow":["GET"]}}],"collection":[{"href":"https:\/\/schule.fanas.ch\/index.php?rest_route=\/wp\/v2\/posts"}],"about":[{"href":"https:\/\/schule.fanas.ch\/index.php?rest_route=\/wp\/v2\/types\/post"}],"author":[{"embeddable":true,"href":"https:\/\/schule.fanas.ch\/index.php?rest_route=\/wp\/v2\/users\/5"}],"replies":[{"embeddable":true,"href":"https:\/\/schule.fanas.ch\/index.php?rest_route=%2Fwp%2Fv2%2Fcomments&post=4495"}],"version-history":[{"count":2,"href":"https:\/\/schule.fanas.ch\/index.php?rest_route=\/wp\/v2\/posts\/4495\/revisions"}],"predecessor-version":[{"id":4497,"href":"https:\/\/schule.fanas.ch\/index.php?rest_route=\/wp\/v2\/posts\/4495\/revisions\/4497"}],"wp:attachment":[{"href":"https:\/\/schule.fanas.ch\/index.php?rest_route=%2Fwp%2Fv2%2Fmedia&parent=4495"}],"wp:term":[{"taxonomy":"category","embeddable":true,"href":"https:\/\/schule.fanas.ch\/index.php?rest_route=%2Fwp%2Fv2%2Fcategories&post=4495"},{"taxonomy":"post_tag","embeddable":true,"href":"https:\/\/schule.fanas.ch\/index.php?rest_route=%2Fwp%2Fv2%2Ftags&post=4495"}],"curies":[{"name":"wp","href":"https:\/\/api.w.org\/{rel}","templated":true}]}}